{"id":6866,"date":"2025-10-06T14:21:59","date_gmt":"2025-10-06T17:21:59","guid":{"rendered":"https:\/\/mbinitiative.org\/?p=6866"},"modified":"2025-10-06T23:15:39","modified_gmt":"2025-10-07T02:15:39","slug":"from-a-fathers-love-a-mission-that-reached-brazil","status":"publish","type":"post","link":"https:\/\/mbinitiative.org\/pt\/from-a-fathers-love-a-mission-that-reached-brazil\/","title":{"rendered":"Do amor de um pai, nasceu uma miss\u00e3o que ganhou o Brasil"},"content":{"rendered":"<div data-elementor-type=\"wp-post\" data-elementor-id=\"6866\" class=\"elementor elementor-6866\" data-elementor-post-type=\"post\">\n\t\t\t\t<div class=\"elementor-element elementor-element-151f162 e-flex e-con-boxed e-con e-parent\" data-id=\"151f162\" data-element_type=\"container\" data-e-type=\"container\" data-settings=\"{&quot;jet_parallax_layout_list&quot;:[]}\">\n\t\t\t\t\t<div class=\"e-con-inner\">\n\t\t\t\t<div class=\"elementor-element elementor-element-4f9d9839 elementor-widget elementor-widget-text-editor\" data-id=\"4f9d9839\" data-element_type=\"widget\" data-e-type=\"widget\" data-widget_type=\"text-editor.default\">\n\t\t\t\t<div class=\"elementor-widget-container\">\n\t\t\t\t\t\t\t\t\t\n<p class=\"translation-block\">Ontem, dia 5 de outubro, a hist\u00f3ria do nosso fundador, <strong>Fernando Goldsztein<\/strong>, foi destaque em uma mat\u00e9ria no Fant\u00e1stico.<\/p>\n\n\n\n<p>Em uma das maiores vitrines do jornalismo brasileiro, milh\u00f5es de pessoas puderam conhecer a for\u00e7a de uma miss\u00e3o que nasceu do amor e da coragem.<\/p>\n\n\n\n<p class=\"translation-block\">A MBI surgiu da experi\u00eancia pessoal de Fernando, que transformou o diagn\u00f3stico do seu filho mais velho em um movimento global dedicado a acelerar a cura para o <strong>Meduloblastoma \u2013 o tumor cerebral infantil mais comum<\/strong>.<\/p>\n\n\n\n<p class=\"translation-block\">Ap\u00f3s 4 anos desde a sua funda\u00e7\u00e3o, a MBI conecta <strong>16 laborat\u00f3rios<\/strong> parceiros e possui <strong>dois ensaios cl\u00ednicos aprovados pelo FDA<\/strong>, unindo cientistas, fam\u00edlias e doadores em torno de um \u00fanico prop\u00f3sito: dar \u00e0s crian\u00e7as mais tempo, mais brincadeiras e um<strong> futuro<\/strong>.<\/p>\n\n\n\n<p class=\"translation-block\">Agradecemos ao Fant\u00e1stico pelo reconhecimento e pelo espa\u00e7o para falarmos de uma trajet\u00f3ria movida por empatia e resultado.<\/p>\n\n\n\n<p>A nossa hist\u00f3ria mostra como o amor pode se tornar ci\u00eancia, e a ci\u00eancia pode se tornar cura.<br><\/p>\n\n\n\n<p><strong><strong>Toda crian\u00e7a merece ter um futuro.<\/strong><\/strong><br><a href=\"https:\/\/giving.childrensnational.org\/site\/Donation2;jsessionid=00000000.app20008b?df_id=12684&amp;12684.donation=form1&amp;mfc_pref=T&amp;NONCE_TOKEN=AA5FBC11B7C651D2D7EE4BEA66C8BACF\" target=\"_blank\" rel=\"noreferrer noopener\">Clique aqui para doar!<\/a><\/p>\n\t\t\t\t\t\t\t\t<\/div>\n\t\t\t\t<\/div>\n\t\t\t\t<div class=\"elementor-element elementor-element-ff766a5 elementor-widget elementor-widget-video\" data-id=\"ff766a5\" data-element_type=\"widget\" data-e-type=\"widget\" data-settings=\"{&quot;youtube_url&quot;:&quot;https:\\\/\\\/youtu.be\\\/_jxj7vgIa_s&quot;,&quot;video_type&quot;:&quot;youtube&quot;,&quot;controls&quot;:&quot;yes&quot;}\" data-widget_type=\"video.default\">\n\t\t\t\t<div class=\"elementor-widget-container\">\n\t\t\t\t\t\t\t<div class=\"elementor-wrapper elementor-open-inline\">\n\t\t\t<div class=\"elementor-video\"><\/div>\t\t<\/div>\n\t\t\t\t\t\t<\/div>\n\t\t\t\t<\/div>\n\t\t\t\t\t<\/div>\n\t\t\t\t<\/div>\n\t\t\t\t<\/div>","protected":false},"excerpt":{"rendered":"<p>Yesterday, October 5th, the story of our founder, Fernando Goldsztein, was featured on Fant\u00e1stico \u2014 a brazilian Sunday night TV show with a huge audience that has been on the air for over 50 years. It was a powerful moment in which millions learned about a mission born from love and courage. The MBI emerged [&hellip;]<\/p>\n","protected":false},"author":4,"featured_media":6869,"comment_status":"open","ping_status":"open","sticky":false,"template":"","format":"standard","meta":{"footnotes":""},"categories":[1],"tags":[],"class_list":["post-6866","post","type-post","status-publish","format-standard","has-post-thumbnail","hentry","category-sem-categoria"],"yoast_head":"<!-- This site is optimized with the Yoast SEO plugin v27.4 - https:\/\/yoast.com\/product\/yoast-seo-wordpress\/ -->\n<title>From a Father\u2019s Love, a Mission That Reached Brazil - The Medulloblastoma Initiative<\/title>\n<meta name=\"robots\" content=\"index, follow, max-snippet:-1, max-image-preview:large, max-video-preview:-1\" \/>\n<link rel=\"canonical\" href=\"https:\/\/mbinitiative.org\/pt\/from-a-fathers-love-a-mission-that-reached-brazil\/\" \/>\n<meta property=\"og:locale\" content=\"pt_BR\" \/>\n<meta property=\"og:type\" content=\"article\" \/>\n<meta property=\"og:title\" content=\"From a Father\u2019s Love, a Mission That Reached Brazil - The Medulloblastoma Initiative\" \/>\n<meta property=\"og:description\" content=\"Yesterday, October 5th, the story of our founder, Fernando Goldsztein, was featured on Fant\u00e1stico \u2014 a brazilian Sunday night TV show with a huge audience that has been on the air for over 50 years. It was a powerful moment in which millions learned about a mission born from love and courage. The MBI emerged [&hellip;]\" \/>\n<meta property=\"og:url\" content=\"https:\/\/mbinitiative.org\/pt\/from-a-fathers-love-a-mission-that-reached-brazil\/\" \/>\n<meta property=\"og:site_name\" content=\"The Medulloblastoma Initiative\" \/>\n<meta property=\"article:publisher\" content=\"https:\/\/www.facebook.com\/themedulloblastomainitiative\" \/>\n<meta property=\"article:published_time\" content=\"2025-10-06T17:21:59+00:00\" \/>\n<meta property=\"article:modified_time\" content=\"2025-10-07T02:15:39+00:00\" \/>\n<meta property=\"og:image\" content=\"https:\/\/mbinitiative.org\/wp-content\/uploads\/2025\/10\/Imagem-do-WhatsApp-de-2025-10-06-as-15.17.11_1f251ed7.jpg\" \/>\n\t<meta property=\"og:image:width\" content=\"1280\" \/>\n\t<meta property=\"og:image:height\" content=\"1024\" \/>\n\t<meta property=\"og:image:type\" content=\"image\/jpeg\" \/>\n<meta name=\"author\" content=\"MBI\" \/>\n<meta name=\"twitter:card\" content=\"summary_large_image\" \/>\n<meta name=\"twitter:label1\" content=\"Escrito por\" \/>\n\t<meta name=\"twitter:data1\" content=\"MBI\" \/>\n\t<meta name=\"twitter:label2\" content=\"Est. tempo de leitura\" \/>\n\t<meta name=\"twitter:data2\" content=\"1 minuto\" \/>\n<script type=\"application\/ld+json\" class=\"yoast-schema-graph\">{\"@context\":\"https:\\\/\\\/schema.org\",\"@graph\":[{\"@type\":\"Article\",\"@id\":\"https:\\\/\\\/mbinitiative.org\\\/from-a-fathers-love-a-mission-that-reached-brazil\\\/#article\",\"isPartOf\":{\"@id\":\"https:\\\/\\\/mbinitiative.org\\\/from-a-fathers-love-a-mission-that-reached-brazil\\\/\"},\"author\":{\"name\":\"MBI\",\"@id\":\"https:\\\/\\\/mbinitiative.org\\\/#\\\/schema\\\/person\\\/466abe8aeac08de69ff51a723b647b7f\"},\"headline\":\"From a Father\u2019s Love, a Mission That Reached Brazil\",\"datePublished\":\"2025-10-06T17:21:59+00:00\",\"dateModified\":\"2025-10-07T02:15:39+00:00\",\"mainEntityOfPage\":{\"@id\":\"https:\\\/\\\/mbinitiative.org\\\/from-a-fathers-love-a-mission-that-reached-brazil\\\/\"},\"wordCount\":178,\"commentCount\":0,\"publisher\":{\"@id\":\"https:\\\/\\\/mbinitiative.org\\\/#organization\"},\"image\":{\"@id\":\"https:\\\/\\\/mbinitiative.org\\\/from-a-fathers-love-a-mission-that-reached-brazil\\\/#primaryimage\"},\"thumbnailUrl\":\"https:\\\/\\\/mbinitiative.org\\\/wp-content\\\/uploads\\\/2025\\\/10\\\/Imagem-do-WhatsApp-de-2025-10-06-as-15.17.11_1f251ed7.jpg\",\"inLanguage\":\"pt-BR\",\"potentialAction\":[{\"@type\":\"CommentAction\",\"name\":\"Comment\",\"target\":[\"https:\\\/\\\/mbinitiative.org\\\/from-a-fathers-love-a-mission-that-reached-brazil\\\/#respond\"]}]},{\"@type\":\"WebPage\",\"@id\":\"https:\\\/\\\/mbinitiative.org\\\/from-a-fathers-love-a-mission-that-reached-brazil\\\/\",\"url\":\"https:\\\/\\\/mbinitiative.org\\\/from-a-fathers-love-a-mission-that-reached-brazil\\\/\",\"name\":\"From a Father\u2019s Love, a Mission That Reached Brazil - The Medulloblastoma Initiative\",\"isPartOf\":{\"@id\":\"https:\\\/\\\/mbinitiative.org\\\/#website\"},\"primaryImageOfPage\":{\"@id\":\"https:\\\/\\\/mbinitiative.org\\\/from-a-fathers-love-a-mission-that-reached-brazil\\\/#primaryimage\"},\"image\":{\"@id\":\"https:\\\/\\\/mbinitiative.org\\\/from-a-fathers-love-a-mission-that-reached-brazil\\\/#primaryimage\"},\"thumbnailUrl\":\"https:\\\/\\\/mbinitiative.org\\\/wp-content\\\/uploads\\\/2025\\\/10\\\/Imagem-do-WhatsApp-de-2025-10-06-as-15.17.11_1f251ed7.jpg\",\"datePublished\":\"2025-10-06T17:21:59+00:00\",\"dateModified\":\"2025-10-07T02:15:39+00:00\",\"breadcrumb\":{\"@id\":\"https:\\\/\\\/mbinitiative.org\\\/from-a-fathers-love-a-mission-that-reached-brazil\\\/#breadcrumb\"},\"inLanguage\":\"pt-BR\",\"potentialAction\":[{\"@type\":\"ReadAction\",\"target\":[\"https:\\\/\\\/mbinitiative.org\\\/from-a-fathers-love-a-mission-that-reached-brazil\\\/\"]}]},{\"@type\":\"ImageObject\",\"inLanguage\":\"pt-BR\",\"@id\":\"https:\\\/\\\/mbinitiative.org\\\/from-a-fathers-love-a-mission-that-reached-brazil\\\/#primaryimage\",\"url\":\"https:\\\/\\\/mbinitiative.org\\\/wp-content\\\/uploads\\\/2025\\\/10\\\/Imagem-do-WhatsApp-de-2025-10-06-as-15.17.11_1f251ed7.jpg\",\"contentUrl\":\"https:\\\/\\\/mbinitiative.org\\\/wp-content\\\/uploads\\\/2025\\\/10\\\/Imagem-do-WhatsApp-de-2025-10-06-as-15.17.11_1f251ed7.jpg\",\"width\":1280,\"height\":1024},{\"@type\":\"BreadcrumbList\",\"@id\":\"https:\\\/\\\/mbinitiative.org\\\/from-a-fathers-love-a-mission-that-reached-brazil\\\/#breadcrumb\",\"itemListElement\":[{\"@type\":\"ListItem\",\"position\":1,\"name\":\"In\u00edcio\",\"item\":\"https:\\\/\\\/mbinitiative.org\\\/\"},{\"@type\":\"ListItem\",\"position\":2,\"name\":\"From a Father\u2019s Love, a Mission That Reached Brazil\"}]},{\"@type\":\"WebSite\",\"@id\":\"https:\\\/\\\/mbinitiative.org\\\/#website\",\"url\":\"https:\\\/\\\/mbinitiative.org\\\/\",\"name\":\"The Medulloblastoma Initiative\",\"description\":\"Cura do Meduloblastoma Infantil\",\"publisher\":{\"@id\":\"https:\\\/\\\/mbinitiative.org\\\/#organization\"},\"potentialAction\":[{\"@type\":\"SearchAction\",\"target\":{\"@type\":\"EntryPoint\",\"urlTemplate\":\"https:\\\/\\\/mbinitiative.org\\\/?s={search_term_string}\"},\"query-input\":{\"@type\":\"PropertyValueSpecification\",\"valueRequired\":true,\"valueName\":\"search_term_string\"}}],\"inLanguage\":\"pt-BR\"},{\"@type\":\"Organization\",\"@id\":\"https:\\\/\\\/mbinitiative.org\\\/#organization\",\"name\":\"The Medulloblastoma Initiative\",\"url\":\"https:\\\/\\\/mbinitiative.org\\\/\",\"logo\":{\"@type\":\"ImageObject\",\"inLanguage\":\"pt-BR\",\"@id\":\"https:\\\/\\\/mbinitiative.org\\\/#\\\/schema\\\/logo\\\/image\\\/\",\"url\":\"https:\\\/\\\/mbinitiative.org\\\/wp-content\\\/uploads\\\/2023\\\/10\\\/LOGO-MBI.png\",\"contentUrl\":\"https:\\\/\\\/mbinitiative.org\\\/wp-content\\\/uploads\\\/2023\\\/10\\\/LOGO-MBI.png\",\"width\":354,\"height\":168,\"caption\":\"The Medulloblastoma Initiative\"},\"image\":{\"@id\":\"https:\\\/\\\/mbinitiative.org\\\/#\\\/schema\\\/logo\\\/image\\\/\"},\"sameAs\":[\"https:\\\/\\\/www.facebook.com\\\/themedulloblastomainitiative\",\"https:\\\/\\\/www.instagram.com\\\/medulloblastomainitiative\\\/\",\"https:\\\/\\\/www.linkedin.com\\\/company\\\/medulloblastomainitiative\\\/\",\"https:\\\/\\\/www.youtube.com\\\/@mbinitiative\"]},{\"@type\":\"Person\",\"@id\":\"https:\\\/\\\/mbinitiative.org\\\/#\\\/schema\\\/person\\\/466abe8aeac08de69ff51a723b647b7f\",\"name\":\"MBI\",\"image\":{\"@type\":\"ImageObject\",\"inLanguage\":\"pt-BR\",\"@id\":\"https:\\\/\\\/secure.gravatar.com\\\/avatar\\\/6446aa8591e99bf1553d89bc19db5af72fd25b4c6593ea37fd3dae05f7f06bb2?s=96&d=mm&r=g\",\"url\":\"https:\\\/\\\/secure.gravatar.com\\\/avatar\\\/6446aa8591e99bf1553d89bc19db5af72fd25b4c6593ea37fd3dae05f7f06bb2?s=96&d=mm&r=g\",\"contentUrl\":\"https:\\\/\\\/secure.gravatar.com\\\/avatar\\\/6446aa8591e99bf1553d89bc19db5af72fd25b4c6593ea37fd3dae05f7f06bb2?s=96&d=mm&r=g\",\"caption\":\"MBI\"},\"url\":\"https:\\\/\\\/mbinitiative.org\\\/pt\\\/author\\\/mbi\\\/\"}]}<\/script>\n<!-- \/ Yoast SEO plugin. -->","yoast_head_json":{"title":"From a Father\u2019s Love, a Mission That Reached Brazil - The Medulloblastoma Initiative","robots":{"index":"index","follow":"follow","max-snippet":"max-snippet:-1","max-image-preview":"max-image-preview:large","max-video-preview":"max-video-preview:-1"},"canonical":"https:\/\/mbinitiative.org\/pt\/from-a-fathers-love-a-mission-that-reached-brazil\/","og_locale":"pt_BR","og_type":"article","og_title":"From a Father\u2019s Love, a Mission That Reached Brazil - The Medulloblastoma Initiative","og_description":"Yesterday, October 5th, the story of our founder, Fernando Goldsztein, was featured on Fant\u00e1stico \u2014 a brazilian Sunday night TV show with a huge audience that has been on the air for over 50 years. It was a powerful moment in which millions learned about a mission born from love and courage. The MBI emerged [&hellip;]","og_url":"https:\/\/mbinitiative.org\/pt\/from-a-fathers-love-a-mission-that-reached-brazil\/","og_site_name":"The Medulloblastoma Initiative","article_publisher":"https:\/\/www.facebook.com\/themedulloblastomainitiative","article_published_time":"2025-10-06T17:21:59+00:00","article_modified_time":"2025-10-07T02:15:39+00:00","og_image":[{"width":1280,"height":1024,"url":"https:\/\/mbinitiative.org\/wp-content\/uploads\/2025\/10\/Imagem-do-WhatsApp-de-2025-10-06-as-15.17.11_1f251ed7.jpg","type":"image\/jpeg"}],"author":"MBI","twitter_card":"summary_large_image","twitter_misc":{"Escrito por":"MBI","Est. tempo de leitura":"1 minuto"},"schema":{"@context":"https:\/\/schema.org","@graph":[{"@type":"Article","@id":"https:\/\/mbinitiative.org\/from-a-fathers-love-a-mission-that-reached-brazil\/#article","isPartOf":{"@id":"https:\/\/mbinitiative.org\/from-a-fathers-love-a-mission-that-reached-brazil\/"},"author":{"name":"MBI","@id":"https:\/\/mbinitiative.org\/#\/schema\/person\/466abe8aeac08de69ff51a723b647b7f"},"headline":"From a Father\u2019s Love, a Mission That Reached Brazil","datePublished":"2025-10-06T17:21:59+00:00","dateModified":"2025-10-07T02:15:39+00:00","mainEntityOfPage":{"@id":"https:\/\/mbinitiative.org\/from-a-fathers-love-a-mission-that-reached-brazil\/"},"wordCount":178,"commentCount":0,"publisher":{"@id":"https:\/\/mbinitiative.org\/#organization"},"image":{"@id":"https:\/\/mbinitiative.org\/from-a-fathers-love-a-mission-that-reached-brazil\/#primaryimage"},"thumbnailUrl":"https:\/\/mbinitiative.org\/wp-content\/uploads\/2025\/10\/Imagem-do-WhatsApp-de-2025-10-06-as-15.17.11_1f251ed7.jpg","inLanguage":"pt-BR","potentialAction":[{"@type":"CommentAction","name":"Comment","target":["https:\/\/mbinitiative.org\/from-a-fathers-love-a-mission-that-reached-brazil\/#respond"]}]},{"@type":"WebPage","@id":"https:\/\/mbinitiative.org\/from-a-fathers-love-a-mission-that-reached-brazil\/","url":"https:\/\/mbinitiative.org\/from-a-fathers-love-a-mission-that-reached-brazil\/","name":"From a Father\u2019s Love, a Mission That Reached Brazil - The Medulloblastoma Initiative","isPartOf":{"@id":"https:\/\/mbinitiative.org\/#website"},"primaryImageOfPage":{"@id":"https:\/\/mbinitiative.org\/from-a-fathers-love-a-mission-that-reached-brazil\/#primaryimage"},"image":{"@id":"https:\/\/mbinitiative.org\/from-a-fathers-love-a-mission-that-reached-brazil\/#primaryimage"},"thumbnailUrl":"https:\/\/mbinitiative.org\/wp-content\/uploads\/2025\/10\/Imagem-do-WhatsApp-de-2025-10-06-as-15.17.11_1f251ed7.jpg","datePublished":"2025-10-06T17:21:59+00:00","dateModified":"2025-10-07T02:15:39+00:00","breadcrumb":{"@id":"https:\/\/mbinitiative.org\/from-a-fathers-love-a-mission-that-reached-brazil\/#breadcrumb"},"inLanguage":"pt-BR","potentialAction":[{"@type":"ReadAction","target":["https:\/\/mbinitiative.org\/from-a-fathers-love-a-mission-that-reached-brazil\/"]}]},{"@type":"ImageObject","inLanguage":"pt-BR","@id":"https:\/\/mbinitiative.org\/from-a-fathers-love-a-mission-that-reached-brazil\/#primaryimage","url":"https:\/\/mbinitiative.org\/wp-content\/uploads\/2025\/10\/Imagem-do-WhatsApp-de-2025-10-06-as-15.17.11_1f251ed7.jpg","contentUrl":"https:\/\/mbinitiative.org\/wp-content\/uploads\/2025\/10\/Imagem-do-WhatsApp-de-2025-10-06-as-15.17.11_1f251ed7.jpg","width":1280,"height":1024},{"@type":"BreadcrumbList","@id":"https:\/\/mbinitiative.org\/from-a-fathers-love-a-mission-that-reached-brazil\/#breadcrumb","itemListElement":[{"@type":"ListItem","position":1,"name":"In\u00edcio","item":"https:\/\/mbinitiative.org\/"},{"@type":"ListItem","position":2,"name":"From a Father\u2019s Love, a Mission That Reached Brazil"}]},{"@type":"WebSite","@id":"https:\/\/mbinitiative.org\/#website","url":"https:\/\/mbinitiative.org\/","name":"(The Medulloblastoma Initiative)","description":"Cura do Meduloblastoma Infantil","publisher":{"@id":"https:\/\/mbinitiative.org\/#organization"},"potentialAction":[{"@type":"SearchAction","target":{"@type":"EntryPoint","urlTemplate":"https:\/\/mbinitiative.org\/?s={search_term_string}"},"query-input":{"@type":"PropertyValueSpecification","valueRequired":true,"valueName":"search_term_string"}}],"inLanguage":"pt-BR"},{"@type":"Organization","@id":"https:\/\/mbinitiative.org\/#organization","name":"(The Medulloblastoma Initiative)","url":"https:\/\/mbinitiative.org\/","logo":{"@type":"ImageObject","inLanguage":"pt-BR","@id":"https:\/\/mbinitiative.org\/#\/schema\/logo\/image\/","url":"https:\/\/mbinitiative.org\/wp-content\/uploads\/2023\/10\/LOGO-MBI.png","contentUrl":"https:\/\/mbinitiative.org\/wp-content\/uploads\/2023\/10\/LOGO-MBI.png","width":354,"height":168,"caption":"The Medulloblastoma Initiative"},"image":{"@id":"https:\/\/mbinitiative.org\/#\/schema\/logo\/image\/"},"sameAs":["https:\/\/www.facebook.com\/themedulloblastomainitiative","https:\/\/www.instagram.com\/medulloblastomainitiative\/","https:\/\/www.linkedin.com\/company\/medulloblastomainitiative\/","https:\/\/www.youtube.com\/@mbinitiative"]},{"@type":"Person","@id":"https:\/\/mbinitiative.org\/#\/schema\/person\/466abe8aeac08de69ff51a723b647b7f","name":"MBI","image":{"@type":"ImageObject","inLanguage":"pt-BR","@id":"https:\/\/secure.gravatar.com\/avatar\/6446aa8591e99bf1553d89bc19db5af72fd25b4c6593ea37fd3dae05f7f06bb2?s=96&d=mm&r=g","url":"https:\/\/secure.gravatar.com\/avatar\/6446aa8591e99bf1553d89bc19db5af72fd25b4c6593ea37fd3dae05f7f06bb2?s=96&d=mm&r=g","contentUrl":"https:\/\/secure.gravatar.com\/avatar\/6446aa8591e99bf1553d89bc19db5af72fd25b4c6593ea37fd3dae05f7f06bb2?s=96&d=mm&r=g","caption":"MBI"},"url":"https:\/\/mbinitiative.org\/pt\/author\/mbi\/"}]}},"_links":{"self":[{"href":"https:\/\/mbinitiative.org\/pt\/wp-json\/wp\/v2\/posts\/6866","targetHints":{"allow":["GET"]}}],"collection":[{"href":"https:\/\/mbinitiative.org\/pt\/wp-json\/wp\/v2\/posts"}],"about":[{"href":"https:\/\/mbinitiative.org\/pt\/wp-json\/wp\/v2\/types\/post"}],"author":[{"embeddable":true,"href":"https:\/\/mbinitiative.org\/pt\/wp-json\/wp\/v2\/users\/4"}],"replies":[{"embeddable":true,"href":"https:\/\/mbinitiative.org\/pt\/wp-json\/wp\/v2\/comments?post=6866"}],"version-history":[{"count":4,"href":"https:\/\/mbinitiative.org\/pt\/wp-json\/wp\/v2\/posts\/6866\/revisions"}],"predecessor-version":[{"id":6872,"href":"https:\/\/mbinitiative.org\/pt\/wp-json\/wp\/v2\/posts\/6866\/revisions\/6872"}],"wp:featuredmedia":[{"embeddable":true,"href":"https:\/\/mbinitiative.org\/pt\/wp-json\/wp\/v2\/media\/6869"}],"wp:attachment":[{"href":"https:\/\/mbinitiative.org\/pt\/wp-json\/wp\/v2\/media?parent=6866"}],"wp:term":[{"taxonomy":"category","embeddable":true,"href":"https:\/\/mbinitiative.org\/pt\/wp-json\/wp\/v2\/categories?post=6866"},{"taxonomy":"post_tag","embeddable":true,"href":"https:\/\/mbinitiative.org\/pt\/wp-json\/wp\/v2\/tags?post=6866"}],"curies":[{"name":"wp","href":"https:\/\/api.w.org\/{rel}","templated":true}]}}