{"id":6199,"date":"2025-09-03T20:17:17","date_gmt":"2025-09-03T23:17:17","guid":{"rendered":"https:\/\/mbinitiative.org\/?p=6199"},"modified":"2025-09-03T20:46:28","modified_gmt":"2025-09-03T23:46:28","slug":"fox-news-recognizes-mbis-contribution-in-the-fight-against-medulloblastoma","status":"publish","type":"post","link":"https:\/\/mbinitiative.org\/pt\/fox-news-recognizes-mbis-contribution-in-the-fight-against-medulloblastoma\/","title":{"rendered":"Fox News reconhece a contribui\u00e7\u00e3o da MBI na luta contra o meduloblastoma"},"content":{"rendered":"<div data-elementor-type=\"wp-post\" data-elementor-id=\"6199\" class=\"elementor elementor-6199\" data-elementor-post-type=\"post\">\n\t\t\t\t<div class=\"elementor-element elementor-element-614f25c e-flex e-con-boxed e-con e-parent\" data-id=\"614f25c\" data-element_type=\"container\" data-e-type=\"container\" data-settings=\"{&quot;jet_parallax_layout_list&quot;:[]}\">\n\t\t\t\t\t<div class=\"e-con-inner\">\n\t\t\t\t<div class=\"elementor-element elementor-element-799c9c66 elementor-widget elementor-widget-text-editor\" data-id=\"799c9c66\" data-element_type=\"widget\" data-e-type=\"widget\" data-widget_type=\"text-editor.default\">\n\t\t\t\t<div class=\"elementor-widget-container\">\n\t\t\t\t\t\t\t\t\t\n<p class=\"translation-block\">O reconhecimento internacional \u00e9 um marco para a MBI. A Fox News, por meio do \u00e2ncora Bret Baier - antigo correspondente-chefe da Casa Branca e Pent\u00e1gono - destacou a miss\u00e3o da MBI de acelerar descobertas cient\u00edficas para transformar a vida de milhares de crian\u00e7as.<\/p>\n\n<p class=\"translation-block\">Na reportagem especial, a emissora ressaltou a urg\u00eancia de <strong>avan\u00e7ar em pesquisas sobre o meduloblastoma e apontou a MBI como modelo de colabora\u00e7\u00e3o global.<\/strong><strong><br><\/strong> \ud83d\udc49<a href=\"https:\/\/www.foxnews.com\/world\/father-leads-international-effort-find-cure-sons-brain-tumor?utm_source=chatgpt.com\" target=\"_self\"> Assista \u00e0 entrevista completa aqui<\/a>.<\/p>\n\t\t\t\t\t\t\t\t<\/div>\n\t\t\t\t<\/div>\n\t\t\t\t<div class=\"elementor-element elementor-element-2fa2158 elementor-widget elementor-widget-image\" data-id=\"2fa2158\" data-element_type=\"widget\" data-e-type=\"widget\" data-widget_type=\"image.default\">\n\t\t\t\t<div class=\"elementor-widget-container\">\n\t\t\t\t\t\t\t\t\t\t\t\t\t\t\t<img fetchpriority=\"high\" decoding=\"async\" width=\"800\" height=\"429\" src=\"https:\/\/mbinitiative.org\/wp-content\/uploads\/2025\/09\/imagem_2025-09-03_203834096-1024x549.png\" class=\"attachment-large size-large wp-image-6210\" alt=\"\" srcset=\"https:\/\/mbinitiative.org\/wp-content\/uploads\/2025\/09\/imagem_2025-09-03_203834096-1024x549.png 1024w, https:\/\/mbinitiative.org\/wp-content\/uploads\/2025\/09\/imagem_2025-09-03_203834096-300x161.png 300w, https:\/\/mbinitiative.org\/wp-content\/uploads\/2025\/09\/imagem_2025-09-03_203834096-768x412.png 768w, https:\/\/mbinitiative.org\/wp-content\/uploads\/2025\/09\/imagem_2025-09-03_203834096-1536x823.png 1536w, https:\/\/mbinitiative.org\/wp-content\/uploads\/2025\/09\/imagem_2025-09-03_203834096-18x10.png 18w, https:\/\/mbinitiative.org\/wp-content\/uploads\/2025\/09\/imagem_2025-09-03_203834096.png 1552w\" sizes=\"(max-width: 800px) 100vw, 800px\" \/>\t\t\t\t\t\t\t\t\t\t\t\t\t\t\t<\/div>\n\t\t\t\t<\/div>\n\t\t\t\t<div class=\"elementor-element elementor-element-9d8c165 elementor-widget elementor-widget-text-editor\" data-id=\"9d8c165\" data-element_type=\"widget\" data-e-type=\"widget\" data-widget_type=\"text-editor.default\">\n\t\t\t\t<div class=\"elementor-widget-container\">\n\t\t\t\t\t\t\t\t\t\n<p class=\"translation-block\">Desde sua funda\u00e7\u00e3o, a MBI tem impulsionado estudos <strong>pioneiros<\/strong>, conectando laborat\u00f3rios ao redor do mundo e apoiando iniciativas que j\u00e1 est\u00e3o em fase de testes cl\u00ednicos.<\/p>\n\n<p>Agradecemos \u00e0 emissora pelo reconhecimento e a cada doador pela confian\u00e7a.<a href=\"https:\/\/giving.childrensnational.org\/site\/Donation2;jsessionid=00000000.app20121a?df_id=12684&amp;12684.donation=form1&amp;mfc_pref=T&amp;NONCE_TOKEN=B1003ECF76FE6957D28D0D229185B57E&amp;utm_source=chatgpt.com\"> clicando aqui<\/a>.<\/p>\n\n<p><strong>Com sua ajuda, podemos avan\u00e7ar ainda mais r\u00e1pido rumo \u00e0 cura.<\/strong><br \/><br \/><\/p>\n\t\t\t\t\t\t\t\t<\/div>\n\t\t\t\t<\/div>\n\t\t\t\t\t<\/div>\n\t\t\t\t<\/div>\n\t\t\t\t<\/div>","protected":false},"excerpt":{"rendered":"<p>International recognition marks an important milestone for the MBI. Fox News, through anchor Bret Baier \u2014 former chief White House and Pentagon correspondent \u2014 highlighted MBI\u2019s mission to accelerate scientific discoveries and transform the lives of thousands of children. In the special report, the network emphasized the urgency of advancing research on medulloblastoma and pointed [&hellip;]<\/p>\n","protected":false},"author":4,"featured_media":6086,"comment_status":"open","ping_status":"open","sticky":false,"template":"","format":"standard","meta":{"footnotes":""},"categories":[1],"tags":[],"class_list":["post-6199","post","type-post","status-publish","format-standard","has-post-thumbnail","hentry","category-sem-categoria"],"yoast_head":"<!-- This site is optimized with the Yoast SEO plugin v27.4 - https:\/\/yoast.com\/product\/yoast-seo-wordpress\/ -->\n<title>Fox News recognizes MBI\u2019s contribution in the fight against medulloblastoma - The Medulloblastoma Initiative<\/title>\n<meta name=\"robots\" content=\"index, follow, max-snippet:-1, max-image-preview:large, max-video-preview:-1\" \/>\n<link rel=\"canonical\" href=\"https:\/\/mbinitiative.org\/pt\/fox-news-recognizes-mbis-contribution-in-the-fight-against-medulloblastoma\/\" \/>\n<meta property=\"og:locale\" content=\"pt_BR\" \/>\n<meta property=\"og:type\" content=\"article\" \/>\n<meta property=\"og:title\" content=\"Fox News recognizes MBI\u2019s contribution in the fight against medulloblastoma - The Medulloblastoma Initiative\" \/>\n<meta property=\"og:description\" content=\"International recognition marks an important milestone for the MBI. Fox News, through anchor Bret Baier \u2014 former chief White House and Pentagon correspondent \u2014 highlighted MBI\u2019s mission to accelerate scientific discoveries and transform the lives of thousands of children. In the special report, the network emphasized the urgency of advancing research on medulloblastoma and pointed [&hellip;]\" \/>\n<meta property=\"og:url\" content=\"https:\/\/mbinitiative.org\/pt\/fox-news-recognizes-mbis-contribution-in-the-fight-against-medulloblastoma\/\" \/>\n<meta property=\"og:site_name\" content=\"The Medulloblastoma Initiative\" \/>\n<meta property=\"article:publisher\" content=\"https:\/\/www.facebook.com\/themedulloblastomainitiative\" \/>\n<meta property=\"article:published_time\" content=\"2025-09-03T23:17:17+00:00\" \/>\n<meta property=\"article:modified_time\" content=\"2025-09-03T23:46:28+00:00\" \/>\n<meta property=\"og:image\" content=\"https:\/\/mbinitiative.org\/wp-content\/uploads\/2025\/09\/imagem_2025-09-02_112102882-e1756823184385.png\" \/>\n\t<meta property=\"og:image:width\" content=\"627\" \/>\n\t<meta property=\"og:image:height\" content=\"355\" \/>\n\t<meta property=\"og:image:type\" content=\"image\/png\" \/>\n<meta name=\"author\" content=\"MBI\" \/>\n<meta name=\"twitter:card\" content=\"summary_large_image\" \/>\n<meta name=\"twitter:label1\" content=\"Escrito por\" \/>\n\t<meta name=\"twitter:data1\" content=\"MBI\" \/>\n\t<meta name=\"twitter:label2\" content=\"Est. tempo de leitura\" \/>\n\t<meta name=\"twitter:data2\" content=\"1 minuto\" \/>\n<script type=\"application\/ld+json\" class=\"yoast-schema-graph\">{\"@context\":\"https:\\\/\\\/schema.org\",\"@graph\":[{\"@type\":\"Article\",\"@id\":\"https:\\\/\\\/mbinitiative.org\\\/fox-news-recognizes-mbis-contribution-in-the-fight-against-medulloblastoma\\\/#article\",\"isPartOf\":{\"@id\":\"https:\\\/\\\/mbinitiative.org\\\/fox-news-recognizes-mbis-contribution-in-the-fight-against-medulloblastoma\\\/\"},\"author\":{\"name\":\"MBI\",\"@id\":\"https:\\\/\\\/mbinitiative.org\\\/#\\\/schema\\\/person\\\/466abe8aeac08de69ff51a723b647b7f\"},\"headline\":\"Fox News recognizes MBI\u2019s contribution in the fight against medulloblastoma\",\"datePublished\":\"2025-09-03T23:17:17+00:00\",\"dateModified\":\"2025-09-03T23:46:28+00:00\",\"mainEntityOfPage\":{\"@id\":\"https:\\\/\\\/mbinitiative.org\\\/fox-news-recognizes-mbis-contribution-in-the-fight-against-medulloblastoma\\\/\"},\"wordCount\":139,\"commentCount\":0,\"publisher\":{\"@id\":\"https:\\\/\\\/mbinitiative.org\\\/#organization\"},\"image\":{\"@id\":\"https:\\\/\\\/mbinitiative.org\\\/fox-news-recognizes-mbis-contribution-in-the-fight-against-medulloblastoma\\\/#primaryimage\"},\"thumbnailUrl\":\"https:\\\/\\\/mbinitiative.org\\\/wp-content\\\/uploads\\\/2025\\\/09\\\/imagem_2025-09-02_112102882-e1756823184385.png\",\"inLanguage\":\"pt-BR\",\"potentialAction\":[{\"@type\":\"CommentAction\",\"name\":\"Comment\",\"target\":[\"https:\\\/\\\/mbinitiative.org\\\/fox-news-recognizes-mbis-contribution-in-the-fight-against-medulloblastoma\\\/#respond\"]}]},{\"@type\":\"WebPage\",\"@id\":\"https:\\\/\\\/mbinitiative.org\\\/fox-news-recognizes-mbis-contribution-in-the-fight-against-medulloblastoma\\\/\",\"url\":\"https:\\\/\\\/mbinitiative.org\\\/fox-news-recognizes-mbis-contribution-in-the-fight-against-medulloblastoma\\\/\",\"name\":\"Fox News recognizes MBI\u2019s contribution in the fight against medulloblastoma - The Medulloblastoma Initiative\",\"isPartOf\":{\"@id\":\"https:\\\/\\\/mbinitiative.org\\\/#website\"},\"primaryImageOfPage\":{\"@id\":\"https:\\\/\\\/mbinitiative.org\\\/fox-news-recognizes-mbis-contribution-in-the-fight-against-medulloblastoma\\\/#primaryimage\"},\"image\":{\"@id\":\"https:\\\/\\\/mbinitiative.org\\\/fox-news-recognizes-mbis-contribution-in-the-fight-against-medulloblastoma\\\/#primaryimage\"},\"thumbnailUrl\":\"https:\\\/\\\/mbinitiative.org\\\/wp-content\\\/uploads\\\/2025\\\/09\\\/imagem_2025-09-02_112102882-e1756823184385.png\",\"datePublished\":\"2025-09-03T23:17:17+00:00\",\"dateModified\":\"2025-09-03T23:46:28+00:00\",\"breadcrumb\":{\"@id\":\"https:\\\/\\\/mbinitiative.org\\\/fox-news-recognizes-mbis-contribution-in-the-fight-against-medulloblastoma\\\/#breadcrumb\"},\"inLanguage\":\"pt-BR\",\"potentialAction\":[{\"@type\":\"ReadAction\",\"target\":[\"https:\\\/\\\/mbinitiative.org\\\/fox-news-recognizes-mbis-contribution-in-the-fight-against-medulloblastoma\\\/\"]}]},{\"@type\":\"ImageObject\",\"inLanguage\":\"pt-BR\",\"@id\":\"https:\\\/\\\/mbinitiative.org\\\/fox-news-recognizes-mbis-contribution-in-the-fight-against-medulloblastoma\\\/#primaryimage\",\"url\":\"https:\\\/\\\/mbinitiative.org\\\/wp-content\\\/uploads\\\/2025\\\/09\\\/imagem_2025-09-02_112102882-e1756823184385.png\",\"contentUrl\":\"https:\\\/\\\/mbinitiative.org\\\/wp-content\\\/uploads\\\/2025\\\/09\\\/imagem_2025-09-02_112102882-e1756823184385.png\",\"width\":627,\"height\":355},{\"@type\":\"BreadcrumbList\",\"@id\":\"https:\\\/\\\/mbinitiative.org\\\/fox-news-recognizes-mbis-contribution-in-the-fight-against-medulloblastoma\\\/#breadcrumb\",\"itemListElement\":[{\"@type\":\"ListItem\",\"position\":1,\"name\":\"In\u00edcio\",\"item\":\"https:\\\/\\\/mbinitiative.org\\\/\"},{\"@type\":\"ListItem\",\"position\":2,\"name\":\"Fox News recognizes MBI\u2019s contribution in the fight against medulloblastoma\"}]},{\"@type\":\"WebSite\",\"@id\":\"https:\\\/\\\/mbinitiative.org\\\/#website\",\"url\":\"https:\\\/\\\/mbinitiative.org\\\/\",\"name\":\"The Medulloblastoma Initiative\",\"description\":\"Cura do Meduloblastoma Infantil\",\"publisher\":{\"@id\":\"https:\\\/\\\/mbinitiative.org\\\/#organization\"},\"potentialAction\":[{\"@type\":\"SearchAction\",\"target\":{\"@type\":\"EntryPoint\",\"urlTemplate\":\"https:\\\/\\\/mbinitiative.org\\\/?s={search_term_string}\"},\"query-input\":{\"@type\":\"PropertyValueSpecification\",\"valueRequired\":true,\"valueName\":\"search_term_string\"}}],\"inLanguage\":\"pt-BR\"},{\"@type\":\"Organization\",\"@id\":\"https:\\\/\\\/mbinitiative.org\\\/#organization\",\"name\":\"The Medulloblastoma Initiative\",\"url\":\"https:\\\/\\\/mbinitiative.org\\\/\",\"logo\":{\"@type\":\"ImageObject\",\"inLanguage\":\"pt-BR\",\"@id\":\"https:\\\/\\\/mbinitiative.org\\\/#\\\/schema\\\/logo\\\/image\\\/\",\"url\":\"https:\\\/\\\/mbinitiative.org\\\/wp-content\\\/uploads\\\/2023\\\/10\\\/LOGO-MBI.png\",\"contentUrl\":\"https:\\\/\\\/mbinitiative.org\\\/wp-content\\\/uploads\\\/2023\\\/10\\\/LOGO-MBI.png\",\"width\":354,\"height\":168,\"caption\":\"The Medulloblastoma Initiative\"},\"image\":{\"@id\":\"https:\\\/\\\/mbinitiative.org\\\/#\\\/schema\\\/logo\\\/image\\\/\"},\"sameAs\":[\"https:\\\/\\\/www.facebook.com\\\/themedulloblastomainitiative\",\"https:\\\/\\\/www.instagram.com\\\/medulloblastomainitiative\\\/\",\"https:\\\/\\\/www.linkedin.com\\\/company\\\/medulloblastomainitiative\\\/\",\"https:\\\/\\\/www.youtube.com\\\/@mbinitiative\"]},{\"@type\":\"Person\",\"@id\":\"https:\\\/\\\/mbinitiative.org\\\/#\\\/schema\\\/person\\\/466abe8aeac08de69ff51a723b647b7f\",\"name\":\"MBI\",\"image\":{\"@type\":\"ImageObject\",\"inLanguage\":\"pt-BR\",\"@id\":\"https:\\\/\\\/secure.gravatar.com\\\/avatar\\\/6446aa8591e99bf1553d89bc19db5af72fd25b4c6593ea37fd3dae05f7f06bb2?s=96&d=mm&r=g\",\"url\":\"https:\\\/\\\/secure.gravatar.com\\\/avatar\\\/6446aa8591e99bf1553d89bc19db5af72fd25b4c6593ea37fd3dae05f7f06bb2?s=96&d=mm&r=g\",\"contentUrl\":\"https:\\\/\\\/secure.gravatar.com\\\/avatar\\\/6446aa8591e99bf1553d89bc19db5af72fd25b4c6593ea37fd3dae05f7f06bb2?s=96&d=mm&r=g\",\"caption\":\"MBI\"},\"url\":\"https:\\\/\\\/mbinitiative.org\\\/pt\\\/author\\\/mbi\\\/\"}]}<\/script>\n<!-- \/ Yoast SEO plugin. -->","yoast_head_json":{"title":"Fox News recognizes MBI\u2019s contribution in the fight against medulloblastoma - The Medulloblastoma Initiative","robots":{"index":"index","follow":"follow","max-snippet":"max-snippet:-1","max-image-preview":"max-image-preview:large","max-video-preview":"max-video-preview:-1"},"canonical":"https:\/\/mbinitiative.org\/pt\/fox-news-recognizes-mbis-contribution-in-the-fight-against-medulloblastoma\/","og_locale":"pt_BR","og_type":"article","og_title":"Fox News recognizes MBI\u2019s contribution in the fight against medulloblastoma - The Medulloblastoma Initiative","og_description":"International recognition marks an important milestone for the MBI. Fox News, through anchor Bret Baier \u2014 former chief White House and Pentagon correspondent \u2014 highlighted MBI\u2019s mission to accelerate scientific discoveries and transform the lives of thousands of children. In the special report, the network emphasized the urgency of advancing research on medulloblastoma and pointed [&hellip;]","og_url":"https:\/\/mbinitiative.org\/pt\/fox-news-recognizes-mbis-contribution-in-the-fight-against-medulloblastoma\/","og_site_name":"The Medulloblastoma Initiative","article_publisher":"https:\/\/www.facebook.com\/themedulloblastomainitiative","article_published_time":"2025-09-03T23:17:17+00:00","article_modified_time":"2025-09-03T23:46:28+00:00","og_image":[{"width":627,"height":355,"url":"https:\/\/mbinitiative.org\/wp-content\/uploads\/2025\/09\/imagem_2025-09-02_112102882-e1756823184385.png","type":"image\/png"}],"author":"MBI","twitter_card":"summary_large_image","twitter_misc":{"Escrito por":"MBI","Est. tempo de leitura":"1 minuto"},"schema":{"@context":"https:\/\/schema.org","@graph":[{"@type":"Article","@id":"https:\/\/mbinitiative.org\/fox-news-recognizes-mbis-contribution-in-the-fight-against-medulloblastoma\/#article","isPartOf":{"@id":"https:\/\/mbinitiative.org\/fox-news-recognizes-mbis-contribution-in-the-fight-against-medulloblastoma\/"},"author":{"name":"MBI","@id":"https:\/\/mbinitiative.org\/#\/schema\/person\/466abe8aeac08de69ff51a723b647b7f"},"headline":"Fox News recognizes MBI\u2019s contribution in the fight against medulloblastoma","datePublished":"2025-09-03T23:17:17+00:00","dateModified":"2025-09-03T23:46:28+00:00","mainEntityOfPage":{"@id":"https:\/\/mbinitiative.org\/fox-news-recognizes-mbis-contribution-in-the-fight-against-medulloblastoma\/"},"wordCount":139,"commentCount":0,"publisher":{"@id":"https:\/\/mbinitiative.org\/#organization"},"image":{"@id":"https:\/\/mbinitiative.org\/fox-news-recognizes-mbis-contribution-in-the-fight-against-medulloblastoma\/#primaryimage"},"thumbnailUrl":"https:\/\/mbinitiative.org\/wp-content\/uploads\/2025\/09\/imagem_2025-09-02_112102882-e1756823184385.png","inLanguage":"pt-BR","potentialAction":[{"@type":"CommentAction","name":"Comment","target":["https:\/\/mbinitiative.org\/fox-news-recognizes-mbis-contribution-in-the-fight-against-medulloblastoma\/#respond"]}]},{"@type":"WebPage","@id":"https:\/\/mbinitiative.org\/fox-news-recognizes-mbis-contribution-in-the-fight-against-medulloblastoma\/","url":"https:\/\/mbinitiative.org\/fox-news-recognizes-mbis-contribution-in-the-fight-against-medulloblastoma\/","name":"Fox News recognizes MBI\u2019s contribution in the fight against medulloblastoma - The Medulloblastoma Initiative","isPartOf":{"@id":"https:\/\/mbinitiative.org\/#website"},"primaryImageOfPage":{"@id":"https:\/\/mbinitiative.org\/fox-news-recognizes-mbis-contribution-in-the-fight-against-medulloblastoma\/#primaryimage"},"image":{"@id":"https:\/\/mbinitiative.org\/fox-news-recognizes-mbis-contribution-in-the-fight-against-medulloblastoma\/#primaryimage"},"thumbnailUrl":"https:\/\/mbinitiative.org\/wp-content\/uploads\/2025\/09\/imagem_2025-09-02_112102882-e1756823184385.png","datePublished":"2025-09-03T23:17:17+00:00","dateModified":"2025-09-03T23:46:28+00:00","breadcrumb":{"@id":"https:\/\/mbinitiative.org\/fox-news-recognizes-mbis-contribution-in-the-fight-against-medulloblastoma\/#breadcrumb"},"inLanguage":"pt-BR","potentialAction":[{"@type":"ReadAction","target":["https:\/\/mbinitiative.org\/fox-news-recognizes-mbis-contribution-in-the-fight-against-medulloblastoma\/"]}]},{"@type":"ImageObject","inLanguage":"pt-BR","@id":"https:\/\/mbinitiative.org\/fox-news-recognizes-mbis-contribution-in-the-fight-against-medulloblastoma\/#primaryimage","url":"https:\/\/mbinitiative.org\/wp-content\/uploads\/2025\/09\/imagem_2025-09-02_112102882-e1756823184385.png","contentUrl":"https:\/\/mbinitiative.org\/wp-content\/uploads\/2025\/09\/imagem_2025-09-02_112102882-e1756823184385.png","width":627,"height":355},{"@type":"BreadcrumbList","@id":"https:\/\/mbinitiative.org\/fox-news-recognizes-mbis-contribution-in-the-fight-against-medulloblastoma\/#breadcrumb","itemListElement":[{"@type":"ListItem","position":1,"name":"In\u00edcio","item":"https:\/\/mbinitiative.org\/"},{"@type":"ListItem","position":2,"name":"Fox News recognizes MBI\u2019s contribution in the fight against medulloblastoma"}]},{"@type":"WebSite","@id":"https:\/\/mbinitiative.org\/#website","url":"https:\/\/mbinitiative.org\/","name":"(The Medulloblastoma Initiative)","description":"Cura do Meduloblastoma Infantil","publisher":{"@id":"https:\/\/mbinitiative.org\/#organization"},"potentialAction":[{"@type":"SearchAction","target":{"@type":"EntryPoint","urlTemplate":"https:\/\/mbinitiative.org\/?s={search_term_string}"},"query-input":{"@type":"PropertyValueSpecification","valueRequired":true,"valueName":"search_term_string"}}],"inLanguage":"pt-BR"},{"@type":"Organization","@id":"https:\/\/mbinitiative.org\/#organization","name":"(The Medulloblastoma Initiative)","url":"https:\/\/mbinitiative.org\/","logo":{"@type":"ImageObject","inLanguage":"pt-BR","@id":"https:\/\/mbinitiative.org\/#\/schema\/logo\/image\/","url":"https:\/\/mbinitiative.org\/wp-content\/uploads\/2023\/10\/LOGO-MBI.png","contentUrl":"https:\/\/mbinitiative.org\/wp-content\/uploads\/2023\/10\/LOGO-MBI.png","width":354,"height":168,"caption":"The Medulloblastoma Initiative"},"image":{"@id":"https:\/\/mbinitiative.org\/#\/schema\/logo\/image\/"},"sameAs":["https:\/\/www.facebook.com\/themedulloblastomainitiative","https:\/\/www.instagram.com\/medulloblastomainitiative\/","https:\/\/www.linkedin.com\/company\/medulloblastomainitiative\/","https:\/\/www.youtube.com\/@mbinitiative"]},{"@type":"Person","@id":"https:\/\/mbinitiative.org\/#\/schema\/person\/466abe8aeac08de69ff51a723b647b7f","name":"MBI","image":{"@type":"ImageObject","inLanguage":"pt-BR","@id":"https:\/\/secure.gravatar.com\/avatar\/6446aa8591e99bf1553d89bc19db5af72fd25b4c6593ea37fd3dae05f7f06bb2?s=96&d=mm&r=g","url":"https:\/\/secure.gravatar.com\/avatar\/6446aa8591e99bf1553d89bc19db5af72fd25b4c6593ea37fd3dae05f7f06bb2?s=96&d=mm&r=g","contentUrl":"https:\/\/secure.gravatar.com\/avatar\/6446aa8591e99bf1553d89bc19db5af72fd25b4c6593ea37fd3dae05f7f06bb2?s=96&d=mm&r=g","caption":"MBI"},"url":"https:\/\/mbinitiative.org\/pt\/author\/mbi\/"}]}},"_links":{"self":[{"href":"https:\/\/mbinitiative.org\/pt\/wp-json\/wp\/v2\/posts\/6199","targetHints":{"allow":["GET"]}}],"collection":[{"href":"https:\/\/mbinitiative.org\/pt\/wp-json\/wp\/v2\/posts"}],"about":[{"href":"https:\/\/mbinitiative.org\/pt\/wp-json\/wp\/v2\/types\/post"}],"author":[{"embeddable":true,"href":"https:\/\/mbinitiative.org\/pt\/wp-json\/wp\/v2\/users\/4"}],"replies":[{"embeddable":true,"href":"https:\/\/mbinitiative.org\/pt\/wp-json\/wp\/v2\/comments?post=6199"}],"version-history":[{"count":7,"href":"https:\/\/mbinitiative.org\/pt\/wp-json\/wp\/v2\/posts\/6199\/revisions"}],"predecessor-version":[{"id":6218,"href":"https:\/\/mbinitiative.org\/pt\/wp-json\/wp\/v2\/posts\/6199\/revisions\/6218"}],"wp:featuredmedia":[{"embeddable":true,"href":"https:\/\/mbinitiative.org\/pt\/wp-json\/wp\/v2\/media\/6086"}],"wp:attachment":[{"href":"https:\/\/mbinitiative.org\/pt\/wp-json\/wp\/v2\/media?parent=6199"}],"wp:term":[{"taxonomy":"category","embeddable":true,"href":"https:\/\/mbinitiative.org\/pt\/wp-json\/wp\/v2\/categories?post=6199"},{"taxonomy":"post_tag","embeddable":true,"href":"https:\/\/mbinitiative.org\/pt\/wp-json\/wp\/v2\/tags?post=6199"}],"curies":[{"name":"wp","href":"https:\/\/api.w.org\/{rel}","templated":true}]}}